[{"@context":"https:\/\/schema.org\/","@type":"Article","@id":"https:\/\/www.anov.cz\/montaz-a-demontaz-nabytku-vam-pri-stehovani-prijde-vhod\/#Article","mainEntityOfPage":"https:\/\/www.anov.cz\/montaz-a-demontaz-nabytku-vam-pri-stehovani-prijde-vhod\/","headline":"Mont\u00e1\u017e a demont\u00e1\u017e n\u00e1bytku v\u00e1m p\u0159i st\u011bhov\u00e1n\u00ed p\u0159ijde vhod","name":"Mont\u00e1\u017e a demont\u00e1\u017e n\u00e1bytku v\u00e1m p\u0159i st\u011bhov\u00e1n\u00ed p\u0159ijde vhod","description":"Netrapte se v\u011bcmi, kter\u00fdm sami p\u0159\u00edli\u0161 nerozum\u00edte, a nav\u00edc ani nem\u00e1te chu\u0165 do nich hloub\u011bji proniknout. Pakli\u017ee m\u00e1te na krku st\u011bhov\u00e1n\u00ed a nem\u00e1te nejmen\u0161\u00ed chu\u0165&hellip;","datePublished":"2019-11-26","dateModified":"2023-06-05","author":{"@type":"Person","@id":"https:\/\/www.anov.cz\/author\/#Person","name":"","url":"https:\/\/www.anov.cz\/author\/","identifier":1,"image":{"@type":"ImageObject","@id":"https:\/\/secure.gravatar.com\/avatar\/40308b9402d145b1dc164f447b6506e9dadca8c8362c3ffb52df95e789c0fd10?s=96&d=mm&r=g","url":"https:\/\/secure.gravatar.com\/avatar\/40308b9402d145b1dc164f447b6506e9dadca8c8362c3ffb52df95e789c0fd10?s=96&d=mm&r=g","height":96,"width":96}},"publisher":{"@type":"Organization","name":"anov.cz","logo":{"@type":"ImageObject","@id":"\/logo.png","url":"\/logo.png","width":600,"height":60}},"image":{"@type":"ImageObject","@id":"https:\/\/www.anov.cz\/wp-content\/uploads\/img_a376861_w3896_t1588668307.jpg","url":"https:\/\/www.anov.cz\/wp-content\/uploads\/img_a376861_w3896_t1588668307.jpg","height":0,"width":0},"url":"https:\/\/www.anov.cz\/montaz-a-demontaz-nabytku-vam-pri-stehovani-prijde-vhod\/","about":["Internet"],"wordCount":433,"articleBody":"        Netrapte se v\u011bcmi, kter\u00fdm sami p\u0159\u00edli\u0161 nerozum\u00edte, a nav\u00edc ani nem\u00e1te chu\u0165 do nich hloub\u011bji proniknout. Pakli\u017ee m\u00e1te na krku st\u011bhov\u00e1n\u00ed a nem\u00e1te nejmen\u0161\u00ed chu\u0165 jej organizovat a zaji\u0161\u0165ovat, tak v\u016fbec nemus\u00edte. Nem\u00e1te tak hluboko do kapsy, abyste museli v\u0161echno zajistit sv\u00e9pomoc\u00ed, bez komer\u010dn\u00ed pomoci? V tom p\u0159\u00edpad\u011b nev\u00e1hejte ani chvili\u010dku a kontaktujte profesion\u00e1ln\u00ed st\u011bhovac\u00ed firmu, u kter\u00e9 si rovnou rezervujete pat\u0159i\u010dn\u00fd term\u00edn. Budete tak m\u00edt jistotu, \u017ee v\u0161echno prob\u011bhne, kdy m\u00e1, a vy se p\u0159itom nebudete muset o nic starat.Na jak\u00e9 slu\u017eby se m\u016f\u017eete t\u011b\u0161it? Nab\u00eddka je pom\u011brn\u011b \u0161irok\u00e1 a z\u00e1le\u017e\u00ed pouze na v\u00e1s, co konkr\u00e9tn\u011b si vyberete. Zat\u00edm co n\u011bkomu m\u016f\u017ee vyhovovat, kdy\u017e za n\u011bj pracovn\u00edci zajist\u00ed kompletn\u011b v\u0161e, n\u011bkdo jin\u00fd si chcete ud\u011blat v\u011bt\u0161inu prac\u00ed sv\u00e9pomoc\u00ed a pot\u0159ebuje zajistit t\u0159eba jen p\u0159esun velk\u00fdch a t\u011b\u017ek\u00fdch kus\u016f n\u00e1bytku a spot\u0159ebi\u010d\u016f. Vst\u0159\u00edcn\u00e1 firma se odk\u00e1\u017ee p\u0159izp\u016fsobit ka\u017ed\u00e9mu p\u0159\u00e1n\u00ed. M\u016f\u017eete si u n\u00ed objednat jak samotn\u00fd p\u0159esun a p\u0159evoz v\u011bc\u00ed, tak i demont\u00e1\u017e a mont\u00e1\u017e n\u00e1bytku Praha, jeho d\u016fkladn\u00e9 zabalen\u00ed a zaji\u0161t\u011bn\u00ed proti po\u0161kozen\u00ed, odpojen\u00ed a n\u00e1sledn\u00e9 zapojen\u00ed elektrotechniky, a dokonce i kompletn\u00ed slu\u017eby na kl\u00ed\u010d. Samoz\u0159ejm\u011b je mo\u017en\u00e9 st\u011bhovat  https:\/\/byznys.ihned.cz\/c1-65905710-vyroba-automobilky-skoda-auto-se-nebude-stehovat-z-ceske-republiky-tvrdi-jeji-sef-bernhard-maier i jednotliv\u00e9 konkr\u00e9tn\u00ed vybran\u00e9 kusy n\u00e1bytku a spot\u0159ebi\u010d\u016f \u2013 v\u011bt\u0161inou ty rozm\u011brn\u00e9 a t\u011b\u017ek\u00e9. A stejn\u011b tak zajistit p\u0159ehledn\u00e9 k\u00f3dov\u00e1n\u00ed v p\u0159\u00edpad\u011b rozlehl\u00fdch prostor a velk\u00fdch firem, abyste n\u00e1sledn\u011b nemuseli nic hledat a v\u0161e se dostalo na sv\u00e9 budouc\u00ed m\u00edsto. Prof\u00edky si m\u016f\u017eete pozvat na vyklizen\u00ed p\u016fdy anebo k p\u0159evozu v\u011bc\u00ed do zahrani\u010d\u00ed. Slu\u017eby na kl\u00ed\u010d a na p\u0159\u00e1n\u00ed mohou mnoh\u00fdm lidem jejich situaci v mnoh\u00e9m uleh\u010dit. A\u0165 u\u017e se jedn\u00e1 o velk\u00e9 firmy, kter\u00e9 si nemohou dovolit p\u0159eru\u0161it sv\u016fj pracovn\u00ed chod, tak i v p\u0159\u00edpad\u011b pln\u011b vyt\u00ed\u017een\u00fdch lid\u00ed, kte\u0159\u00ed cht\u011bj\u00ed ve\u0161ker\u00e9 pr\u00e1ce nechat na profesion\u00e1lech a mezi t\u00edm vyd\u011bl\u00e1vat anebo odpo\u010d\u00edvat.A\u0165 u\u017e m\u00e1te z\u00e1jem o cokoli, pracovn\u00edci v\u00e1m v\u017edy vyjdou vst\u0159\u00edc, proto\u017ee nic nen\u00ed nemo\u017en\u00e9!                                                                                                                                                                                                                                                                                                                                                                                          4.7\/5 - (7 votes)        "},{"@context":"https:\/\/schema.org\/","@type":"BreadcrumbList","itemListElement":[{"@type":"ListItem","position":1,"name":"Mont\u00e1\u017e a demont\u00e1\u017e n\u00e1bytku v\u00e1m p\u0159i st\u011bhov\u00e1n\u00ed p\u0159ijde vhod","item":"https:\/\/www.anov.cz\/montaz-a-demontaz-nabytku-vam-pri-stehovani-prijde-vhod\/#breadcrumbitem"}]}]